{"id":317,"date":"2024-02-25T19:54:14","date_gmt":"2024-02-25T18:54:14","guid":{"rendered":"https:\/\/kfk.pttk.pl\/?p=317"},"modified":"2024-02-25T19:54:46","modified_gmt":"2024-02-25T18:54:46","slug":"xii-ogolnopolski-przeglad-diaporam-i-fotografii-cyfrowych","status":"publish","type":"post","link":"https:\/\/kfk.pttk.pl\/?p=317","title":{"rendered":"XII Og\u00f3lnopolski Przegl\u0105d Diaporam i Fotografii Cyfrowych"},"content":{"rendered":"\n<p>W imieniu Przewodnicz\u0105cego Komisji Fotografii Krajoznawczej Oddzia\u0142u PTTK w Wa\u0142brzychu Kazimierza Szymeli zapraszamy na\u00a0<strong>XII OG\u00d3LNOPOLSKI PRZEGL\u0104D DIAPORAM I FOTOGRAFII CYFROWYCH PTTK pt. \u201eBy\u0142em \u2013 Widzia\u0142em \u2013 Zdoby\u0142em\u201d<\/strong><\/p>\n\n\n\n<p>Sk\u0142adanie prac do ko\u0144ca kwietnia, szczeg\u00f3\u0142y w <strong><a href=\"https:\/\/kfk.pttk.pl\/wordpress\/wp-content\/uploads\/2024\/02\/regulamin-12-konkursu.pdf\" data-type=\"link\" data-id=\"https:\/\/kfk.pttk.pl\/wordpress\/wp-content\/uploads\/2024\/02\/regulamin-12-konkursu.pdf\">regulaminie<\/a><\/strong>. <\/p>\n\n\n\n<figure class=\"wp-block-image size-large is-resized\"><img loading=\"lazy\" decoding=\"async\" width=\"1024\" height=\"847\" src=\"https:\/\/kfk.pttk.pl\/wordpress\/wp-content\/uploads\/2024\/02\/10-pow-55-x45-cm-1024x847.jpg\" alt=\"\" class=\"wp-image-313\" style=\"width:743px;height:auto\" srcset=\"https:\/\/kfk.pttk.pl\/wordpress\/wp-content\/uploads\/2024\/02\/10-pow-55-x45-cm-1024x847.jpg 1024w, https:\/\/kfk.pttk.pl\/wordpress\/wp-content\/uploads\/2024\/02\/10-pow-55-x45-cm-300x248.jpg 300w, https:\/\/kfk.pttk.pl\/wordpress\/wp-content\/uploads\/2024\/02\/10-pow-55-x45-cm-768x635.jpg 768w, https:\/\/kfk.pttk.pl\/wordpress\/wp-content\/uploads\/2024\/02\/10-pow-55-x45-cm-1536x1270.jpg 1536w, https:\/\/kfk.pttk.pl\/wordpress\/wp-content\/uploads\/2024\/02\/10-pow-55-x45-cm-2048x1694.jpg 2048w\" sizes=\"auto, (max-width: 1024px) 100vw, 1024px\" \/><\/figure>\n","protected":false},"excerpt":{"rendered":"<p>W imieniu Przewodnicz\u0105cego Komisji Fotografii Krajoznawczej Oddzia\u0142u PTTK w Wa\u0142brzychu Kazimierza Szymeli zapraszamy na\u00a0XII OG\u00d3LNOPOLSKI PRZEGL\u0104D DIAPORAM I FOTOGRAFII CYFROWYCH PTTK pt. \u201eBy\u0142em \u2013 Widzia\u0142em \u2013 Zdoby\u0142em\u201d Sk\u0142adanie prac do ko\u0144ca kwietnia, szczeg\u00f3\u0142y w regulaminie.<\/p>\n","protected":false},"author":1,"featured_media":0,"comment_status":"closed","ping_status":"open","sticky":false,"template":"","format":"standard","meta":{"footnotes":""},"categories":[13],"tags":[],"class_list":["post-317","post","type-post","status-publish","format-standard","hentry","category-imprezy"],"_links":{"self":[{"href":"https:\/\/kfk.pttk.pl\/index.php?rest_route=\/wp\/v2\/posts\/317","targetHints":{"allow":["GET"]}}],"collection":[{"href":"https:\/\/kfk.pttk.pl\/index.php?rest_route=\/wp\/v2\/posts"}],"about":[{"href":"https:\/\/kfk.pttk.pl\/index.php?rest_route=\/wp\/v2\/types\/post"}],"author":[{"embeddable":true,"href":"https:\/\/kfk.pttk.pl\/index.php?rest_route=\/wp\/v2\/users\/1"}],"replies":[{"embeddable":true,"href":"https:\/\/kfk.pttk.pl\/index.php?rest_route=%2Fwp%2Fv2%2Fcomments&post=317"}],"version-history":[{"count":1,"href":"https:\/\/kfk.pttk.pl\/index.php?rest_route=\/wp\/v2\/posts\/317\/revisions"}],"predecessor-version":[{"id":319,"href":"https:\/\/kfk.pttk.pl\/index.php?rest_route=\/wp\/v2\/posts\/317\/revisions\/319"}],"wp:attachment":[{"href":"https:\/\/kfk.pttk.pl\/index.php?rest_route=%2Fwp%2Fv2%2Fmedia&parent=317"}],"wp:term":[{"taxonomy":"category","embeddable":true,"href":"https:\/\/kfk.pttk.pl\/index.php?rest_route=%2Fwp%2Fv2%2Fcategories&post=317"},{"taxonomy":"post_tag","embeddable":true,"href":"https:\/\/kfk.pttk.pl\/index.php?rest_route=%2Fwp%2Fv2%2Ftags&post=317"}],"curies":[{"name":"wp","href":"https:\/\/api.w.org\/{rel}","templated":true}]}}